{"id":152,"date":"1973-07-14T11:03:57","date_gmt":"1973-07-14T10:03:57","guid":{"rendered":"http:\/\/eugeneistomin.com\/?p=152"},"modified":"2016-03-06T09:57:02","modified_gmt":"2016-03-06T08:57:02","slug":"152","status":"publish","type":"post","link":"https:\/\/www.eugeneistomin.com\/fr\/152\/","title":{"rendered":"1973"},"content":{"rendered":"<p>Premier semestre d\u00e9di\u00e9 en priorit\u00e9 au r\u00e9cital avec un nouveau programme, tr\u00e8s bien accueilli \u00e0 Paris, Londres, Chicago, et \u00e0\u00a0Carnegie Hall\u00a0: <i>Fantaisie  op. 77<\/i> de Beethoven ou <i>K. 397<\/i> de Mozart, 2 <i>Impromptus<\/i> de Schubert, les <i>Variations Haendel<\/i> de Brahms, des <i>Pr\u00e9ludes<\/i> de Debussy et la <i>4<\/i><i>\u00e8me<\/i><i> Ballade<\/i> de Chopin. Concerts avec le Chicago Symphony et Solti au printemps (Mozart, <em>Concerto K. 271<\/em>). Participation au Festival d\u2019Isra\u00ebl en ao\u00fbt, avec le Trio et en soliste. A l\u2019automne, s\u00e9rie \u00abStern and Friends\u00a0\u00bb \u00e0 Carnegie Hall. Mort de Casals le 22 octobre.<\/p>\n<p><span class=\"legend\"><strong>Stern, Rose et Istomin au d\u00e9but des ann\u00e9es 70<\/strong><\/span><\/p>\n","protected":false},"excerpt":{"rendered":"<p>Premier semestre d\u00e9di\u00e9 en priorit\u00e9 au r\u00e9cital avec un nouveau programme, tr\u00e8s bien accueilli \u00e0 Paris, Londres, Chicago, et \u00e0\u00a0Carnegie Hall\u00a0: Fantaisie op. 77 de Beethoven ou K. 397 de Mozart, 2 Impromptus de Schubert, les Variations Haendel de Brahms, des Pr\u00e9ludes de Debussy et la 4\u00e8me Ballade de Chopin. Concerts avec le Chicago Symphony [&hellip;]<\/p>\n","protected":false},"author":1,"featured_media":778,"comment_status":"open","ping_status":"open","sticky":false,"template":"","format":"standard","meta":[],"categories":[3],"tags":[],"acf":[],"_links":{"self":[{"href":"https:\/\/www.eugeneistomin.com\/fr\/wp-json\/wp\/v2\/posts\/152"}],"collection":[{"href":"https:\/\/www.eugeneistomin.com\/fr\/wp-json\/wp\/v2\/posts"}],"about":[{"href":"https:\/\/www.eugeneistomin.com\/fr\/wp-json\/wp\/v2\/types\/post"}],"author":[{"embeddable":true,"href":"https:\/\/www.eugeneistomin.com\/fr\/wp-json\/wp\/v2\/users\/1"}],"replies":[{"embeddable":true,"href":"https:\/\/www.eugeneistomin.com\/fr\/wp-json\/wp\/v2\/comments?post=152"}],"version-history":[{"count":7,"href":"https:\/\/www.eugeneistomin.com\/fr\/wp-json\/wp\/v2\/posts\/152\/revisions"}],"predecessor-version":[{"id":4968,"href":"https:\/\/www.eugeneistomin.com\/fr\/wp-json\/wp\/v2\/posts\/152\/revisions\/4968"}],"wp:featuredmedia":[{"embeddable":true,"href":"https:\/\/www.eugeneistomin.com\/fr\/wp-json\/wp\/v2\/media\/778"}],"wp:attachment":[{"href":"https:\/\/www.eugeneistomin.com\/fr\/wp-json\/wp\/v2\/media?parent=152"}],"wp:term":[{"taxonomy":"category","embeddable":true,"href":"https:\/\/www.eugeneistomin.com\/fr\/wp-json\/wp\/v2\/categories?post=152"},{"taxonomy":"post_tag","embeddable":true,"href":"https:\/\/www.eugeneistomin.com\/fr\/wp-json\/wp\/v2\/tags?post=152"}],"curies":[{"name":"wp","href":"https:\/\/api.w.org\/{rel}","templated":true}]}}